{"id":8807,"date":"2018-09-13T12:31:05","date_gmt":"2018-09-13T11:31:05","guid":{"rendered":"http:\/\/hemley.de\/?p=4388\/"},"modified":"2023-10-11T08:41:49","modified_gmt":"2023-10-11T08:41:49","slug":"die-wollkrawatte","status":"publish","type":"post","link":"https:\/\/hemley.de\/de\/die-wollkrawatte\/","title":{"rendered":"Die Wollkrawatte"},"content":{"rendered":"<p>Vor einigen Jahren galt die Seidenkrawatte in Mitteleuropa als das Ma\u00df aller Dinge, Krawatten aus Wolle oder gar aus Leinen wurden als italienischer Schnick-Schnack bel\u00e4chelt und ge\u00e4chtet, galt doch nur die Seidenkrawatte als ad\u00e4quate Ausstattung bei gesch\u00e4ftlichen Terminen.<\/p>\n<p>Dies hat sich allerdings in j\u00fcngster Zeit drastisch ver\u00e4ndert, wohl auch deswegen, weil die Krawatte bei gesch\u00e4ftlichen Terminen nicht mehr obligatorisch ist. Vielmehr haben leidenschaftliche Krawattentr\u00e4ger nun entdeckt, dass man Krawatten auch sehr sch\u00f6n in sportliche Outfits einbinden kann. Gleich, ob zur Strickweste und Jeans oder zum Sportsakko und Cordhose, nur gl\u00e4nzend und glatt darf es nicht sein\u2026\u00a0 und hier kommt die Wollkrawatte zu Ihrem vollen Recht. Deswegen ist sie f\u00fcr uns definitiv bleibende Stilpr\u00e4gung, viel Spa\u00df beim Kombinieren!<\/p>\n","protected":false},"excerpt":{"rendered":"<p>Vor einigen Jahren galt die Seidenkrawatte in Mitteleuropa als das Ma\u00df aller Dinge, Krawatten aus Wolle oder gar aus Leinen wurden als italienischer Schnick-Schnack bel\u00e4chelt und ge\u00e4chtet, galt doch nur die Seidenkrawatte als ad\u00e4quate Ausstattung bei gesch\u00e4ftlichen Terminen. Dies hat sich allerdings in j\u00fcngster Zeit drastisch ver\u00e4ndert, wohl auch deswegen, weil die Krawatte bei gesch\u00e4ftlichen<\/p>\n","protected":false},"author":11,"featured_media":15660,"comment_status":"open","ping_status":"closed","sticky":false,"template":"","format":"standard","meta":{"footnotes":""},"categories":[385],"tags":[],"class_list":["post-8807","post","type-post","status-publish","format-standard","has-post-thumbnail","hentry","category-tipps"],"acf":[],"yoast_head":"<!-- This site is optimized with the Yoast SEO plugin v27.3 - https:\/\/yoast.com\/product\/yoast-seo-wordpress\/ -->\n<title>Die Wollkrawatte - Hemley<\/title>\n<meta name=\"robots\" content=\"index, follow, max-snippet:-1, max-image-preview:large, max-video-preview:-1\" \/>\n<link rel=\"canonical\" href=\"https:\/\/hemley.de\/de\/die-wollkrawatte\/\" \/>\n<meta property=\"og:locale\" content=\"de_DE\" \/>\n<meta property=\"og:type\" content=\"article\" \/>\n<meta property=\"og:title\" content=\"Die Wollkrawatte - Hemley\" \/>\n<meta property=\"og:description\" content=\"Vor einigen Jahren galt die Seidenkrawatte in Mitteleuropa als das Ma\u00df aller Dinge, Krawatten aus Wolle oder gar aus Leinen wurden als italienischer Schnick-Schnack bel\u00e4chelt und ge\u00e4chtet, galt doch nur die Seidenkrawatte als ad\u00e4quate Ausstattung bei gesch\u00e4ftlichen Terminen. Dies hat sich allerdings in j\u00fcngster Zeit drastisch ver\u00e4ndert, wohl auch deswegen, weil die Krawatte bei gesch\u00e4ftlichen\" \/>\n<meta property=\"og:url\" content=\"https:\/\/hemley.de\/de\/die-wollkrawatte\/\" \/>\n<meta property=\"og:site_name\" content=\"Hemley\" \/>\n<meta property=\"article:published_time\" content=\"2018-09-13T11:31:05+00:00\" \/>\n<meta property=\"article:modified_time\" content=\"2023-10-11T08:41:49+00:00\" \/>\n<meta property=\"og:image\" content=\"https:\/\/hemley.de\/wp-content\/uploads\/2023\/07\/Hemley-2024-FS-3.jpg\" \/>\n\t<meta property=\"og:image:width\" content=\"1061\" \/>\n\t<meta property=\"og:image:height\" content=\"1500\" \/>\n\t<meta property=\"og:image:type\" content=\"image\/jpeg\" \/>\n<meta name=\"author\" content=\"cbmn\" \/>\n<meta name=\"twitter:card\" content=\"summary_large_image\" \/>\n<meta name=\"twitter:label1\" content=\"Verfasst von\" \/>\n\t<meta name=\"twitter:data1\" content=\"cbmn\" \/>\n\t<meta name=\"twitter:label2\" content=\"Gesch\u00e4tzte Lesezeit\" \/>\n\t<meta name=\"twitter:data2\" content=\"1\u00a0Minute\" \/>\n<script type=\"application\/ld+json\" class=\"yoast-schema-graph\">{\"@context\":\"https:\\\/\\\/schema.org\",\"@graph\":[{\"@type\":\"Article\",\"@id\":\"https:\\\/\\\/hemley.de\\\/de\\\/die-wollkrawatte\\\/#article\",\"isPartOf\":{\"@id\":\"https:\\\/\\\/hemley.de\\\/de\\\/die-wollkrawatte\\\/\"},\"author\":{\"name\":\"cbmn\",\"@id\":\"https:\\\/\\\/hemley.de\\\/de\\\/#\\\/schema\\\/person\\\/92a69bdeed4dedc0cb4df01db2618a4e\"},\"headline\":\"Die Wollkrawatte\",\"datePublished\":\"2018-09-13T11:31:05+00:00\",\"dateModified\":\"2023-10-11T08:41:49+00:00\",\"mainEntityOfPage\":{\"@id\":\"https:\\\/\\\/hemley.de\\\/de\\\/die-wollkrawatte\\\/\"},\"wordCount\":131,\"commentCount\":0,\"publisher\":{\"@id\":\"https:\\\/\\\/hemley.de\\\/de\\\/#organization\"},\"image\":{\"@id\":\"https:\\\/\\\/hemley.de\\\/de\\\/die-wollkrawatte\\\/#primaryimage\"},\"thumbnailUrl\":\"https:\\\/\\\/hemley.de\\\/wp-content\\\/uploads\\\/2023\\\/07\\\/Hemley-2024-FS-3.jpg\",\"articleSection\":[\"Tipps\"],\"inLanguage\":\"de\",\"potentialAction\":[{\"@type\":\"CommentAction\",\"name\":\"Comment\",\"target\":[\"https:\\\/\\\/hemley.de\\\/de\\\/die-wollkrawatte\\\/#respond\"]}]},{\"@type\":\"WebPage\",\"@id\":\"https:\\\/\\\/hemley.de\\\/de\\\/die-wollkrawatte\\\/\",\"url\":\"https:\\\/\\\/hemley.de\\\/de\\\/die-wollkrawatte\\\/\",\"name\":\"Die Wollkrawatte - Hemley\",\"isPartOf\":{\"@id\":\"https:\\\/\\\/hemley.de\\\/de\\\/#website\"},\"primaryImageOfPage\":{\"@id\":\"https:\\\/\\\/hemley.de\\\/de\\\/die-wollkrawatte\\\/#primaryimage\"},\"image\":{\"@id\":\"https:\\\/\\\/hemley.de\\\/de\\\/die-wollkrawatte\\\/#primaryimage\"},\"thumbnailUrl\":\"https:\\\/\\\/hemley.de\\\/wp-content\\\/uploads\\\/2023\\\/07\\\/Hemley-2024-FS-3.jpg\",\"datePublished\":\"2018-09-13T11:31:05+00:00\",\"dateModified\":\"2023-10-11T08:41:49+00:00\",\"breadcrumb\":{\"@id\":\"https:\\\/\\\/hemley.de\\\/de\\\/die-wollkrawatte\\\/#breadcrumb\"},\"inLanguage\":\"de\",\"potentialAction\":[{\"@type\":\"ReadAction\",\"target\":[\"https:\\\/\\\/hemley.de\\\/de\\\/die-wollkrawatte\\\/\"]}]},{\"@type\":\"ImageObject\",\"inLanguage\":\"de\",\"@id\":\"https:\\\/\\\/hemley.de\\\/de\\\/die-wollkrawatte\\\/#primaryimage\",\"url\":\"https:\\\/\\\/hemley.de\\\/wp-content\\\/uploads\\\/2023\\\/07\\\/Hemley-2024-FS-3.jpg\",\"contentUrl\":\"https:\\\/\\\/hemley.de\\\/wp-content\\\/uploads\\\/2023\\\/07\\\/Hemley-2024-FS-3.jpg\",\"width\":1061,\"height\":1500,\"caption\":\"Hemley-2024-FS-3\"},{\"@type\":\"BreadcrumbList\",\"@id\":\"https:\\\/\\\/hemley.de\\\/de\\\/die-wollkrawatte\\\/#breadcrumb\",\"itemListElement\":[{\"@type\":\"ListItem\",\"position\":1,\"name\":\"Startseite\",\"item\":\"https:\\\/\\\/hemley.de\\\/de\\\/\"},{\"@type\":\"ListItem\",\"position\":2,\"name\":\"Die Wollkrawatte\"}]},{\"@type\":\"WebSite\",\"@id\":\"https:\\\/\\\/hemley.de\\\/de\\\/#website\",\"url\":\"https:\\\/\\\/hemley.de\\\/de\\\/\",\"name\":\"Hemley\",\"description\":\"Krawatten handgefertigt in Krefeld seit 1908\",\"publisher\":{\"@id\":\"https:\\\/\\\/hemley.de\\\/de\\\/#organization\"},\"potentialAction\":[{\"@type\":\"SearchAction\",\"target\":{\"@type\":\"EntryPoint\",\"urlTemplate\":\"https:\\\/\\\/hemley.de\\\/de\\\/?s={search_term_string}\"},\"query-input\":{\"@type\":\"PropertyValueSpecification\",\"valueRequired\":true,\"valueName\":\"search_term_string\"}}],\"inLanguage\":\"de\"},{\"@type\":\"Organization\",\"@id\":\"https:\\\/\\\/hemley.de\\\/de\\\/#organization\",\"name\":\"Hemley Moese & Schwartz GmbH\",\"url\":\"https:\\\/\\\/hemley.de\\\/de\\\/\",\"logo\":{\"@type\":\"ImageObject\",\"inLanguage\":\"de\",\"@id\":\"https:\\\/\\\/hemley.de\\\/de\\\/#\\\/schema\\\/logo\\\/image\\\/\",\"url\":\"https:\\\/\\\/hemley.de\\\/wp-content\\\/uploads\\\/2019\\\/05\\\/Logo-Hemley.png\",\"contentUrl\":\"https:\\\/\\\/hemley.de\\\/wp-content\\\/uploads\\\/2019\\\/05\\\/Logo-Hemley.png\",\"width\":467,\"height\":104,\"caption\":\"Hemley Moese & Schwartz GmbH\"},\"image\":{\"@id\":\"https:\\\/\\\/hemley.de\\\/de\\\/#\\\/schema\\\/logo\\\/image\\\/\"}},{\"@type\":\"Person\",\"@id\":\"https:\\\/\\\/hemley.de\\\/de\\\/#\\\/schema\\\/person\\\/92a69bdeed4dedc0cb4df01db2618a4e\",\"name\":\"cbmn\",\"url\":\"https:\\\/\\\/hemley.de\\\/de\\\/author\\\/cbmn\\\/\"}]}<\/script>\n<!-- \/ Yoast SEO plugin. -->","yoast_head_json":{"title":"Die Wollkrawatte - Hemley","robots":{"index":"index","follow":"follow","max-snippet":"max-snippet:-1","max-image-preview":"max-image-preview:large","max-video-preview":"max-video-preview:-1"},"canonical":"https:\/\/hemley.de\/de\/die-wollkrawatte\/","og_locale":"de_DE","og_type":"article","og_title":"Die Wollkrawatte - Hemley","og_description":"Vor einigen Jahren galt die Seidenkrawatte in Mitteleuropa als das Ma\u00df aller Dinge, Krawatten aus Wolle oder gar aus Leinen wurden als italienischer Schnick-Schnack bel\u00e4chelt und ge\u00e4chtet, galt doch nur die Seidenkrawatte als ad\u00e4quate Ausstattung bei gesch\u00e4ftlichen Terminen. Dies hat sich allerdings in j\u00fcngster Zeit drastisch ver\u00e4ndert, wohl auch deswegen, weil die Krawatte bei gesch\u00e4ftlichen","og_url":"https:\/\/hemley.de\/de\/die-wollkrawatte\/","og_site_name":"Hemley","article_published_time":"2018-09-13T11:31:05+00:00","article_modified_time":"2023-10-11T08:41:49+00:00","og_image":[{"width":1061,"height":1500,"url":"https:\/\/hemley.de\/wp-content\/uploads\/2023\/07\/Hemley-2024-FS-3.jpg","type":"image\/jpeg"}],"author":"cbmn","twitter_card":"summary_large_image","twitter_misc":{"Verfasst von":"cbmn","Gesch\u00e4tzte Lesezeit":"1\u00a0Minute"},"schema":{"@context":"https:\/\/schema.org","@graph":[{"@type":"Article","@id":"https:\/\/hemley.de\/de\/die-wollkrawatte\/#article","isPartOf":{"@id":"https:\/\/hemley.de\/de\/die-wollkrawatte\/"},"author":{"name":"cbmn","@id":"https:\/\/hemley.de\/de\/#\/schema\/person\/92a69bdeed4dedc0cb4df01db2618a4e"},"headline":"Die Wollkrawatte","datePublished":"2018-09-13T11:31:05+00:00","dateModified":"2023-10-11T08:41:49+00:00","mainEntityOfPage":{"@id":"https:\/\/hemley.de\/de\/die-wollkrawatte\/"},"wordCount":131,"commentCount":0,"publisher":{"@id":"https:\/\/hemley.de\/de\/#organization"},"image":{"@id":"https:\/\/hemley.de\/de\/die-wollkrawatte\/#primaryimage"},"thumbnailUrl":"https:\/\/hemley.de\/wp-content\/uploads\/2023\/07\/Hemley-2024-FS-3.jpg","articleSection":["Tipps"],"inLanguage":"de","potentialAction":[{"@type":"CommentAction","name":"Comment","target":["https:\/\/hemley.de\/de\/die-wollkrawatte\/#respond"]}]},{"@type":"WebPage","@id":"https:\/\/hemley.de\/de\/die-wollkrawatte\/","url":"https:\/\/hemley.de\/de\/die-wollkrawatte\/","name":"Die Wollkrawatte - Hemley","isPartOf":{"@id":"https:\/\/hemley.de\/de\/#website"},"primaryImageOfPage":{"@id":"https:\/\/hemley.de\/de\/die-wollkrawatte\/#primaryimage"},"image":{"@id":"https:\/\/hemley.de\/de\/die-wollkrawatte\/#primaryimage"},"thumbnailUrl":"https:\/\/hemley.de\/wp-content\/uploads\/2023\/07\/Hemley-2024-FS-3.jpg","datePublished":"2018-09-13T11:31:05+00:00","dateModified":"2023-10-11T08:41:49+00:00","breadcrumb":{"@id":"https:\/\/hemley.de\/de\/die-wollkrawatte\/#breadcrumb"},"inLanguage":"de","potentialAction":[{"@type":"ReadAction","target":["https:\/\/hemley.de\/de\/die-wollkrawatte\/"]}]},{"@type":"ImageObject","inLanguage":"de","@id":"https:\/\/hemley.de\/de\/die-wollkrawatte\/#primaryimage","url":"https:\/\/hemley.de\/wp-content\/uploads\/2023\/07\/Hemley-2024-FS-3.jpg","contentUrl":"https:\/\/hemley.de\/wp-content\/uploads\/2023\/07\/Hemley-2024-FS-3.jpg","width":1061,"height":1500,"caption":"Hemley-2024-FS-3"},{"@type":"BreadcrumbList","@id":"https:\/\/hemley.de\/de\/die-wollkrawatte\/#breadcrumb","itemListElement":[{"@type":"ListItem","position":1,"name":"Startseite","item":"https:\/\/hemley.de\/de\/"},{"@type":"ListItem","position":2,"name":"Die Wollkrawatte"}]},{"@type":"WebSite","@id":"https:\/\/hemley.de\/de\/#website","url":"https:\/\/hemley.de\/de\/","name":"Hemley","description":"Krawatten handgefertigt in Krefeld seit 1908","publisher":{"@id":"https:\/\/hemley.de\/de\/#organization"},"potentialAction":[{"@type":"SearchAction","target":{"@type":"EntryPoint","urlTemplate":"https:\/\/hemley.de\/de\/?s={search_term_string}"},"query-input":{"@type":"PropertyValueSpecification","valueRequired":true,"valueName":"search_term_string"}}],"inLanguage":"de"},{"@type":"Organization","@id":"https:\/\/hemley.de\/de\/#organization","name":"Hemley Moese & Schwartz GmbH","url":"https:\/\/hemley.de\/de\/","logo":{"@type":"ImageObject","inLanguage":"de","@id":"https:\/\/hemley.de\/de\/#\/schema\/logo\/image\/","url":"https:\/\/hemley.de\/wp-content\/uploads\/2019\/05\/Logo-Hemley.png","contentUrl":"https:\/\/hemley.de\/wp-content\/uploads\/2019\/05\/Logo-Hemley.png","width":467,"height":104,"caption":"Hemley Moese & Schwartz GmbH"},"image":{"@id":"https:\/\/hemley.de\/de\/#\/schema\/logo\/image\/"}},{"@type":"Person","@id":"https:\/\/hemley.de\/de\/#\/schema\/person\/92a69bdeed4dedc0cb4df01db2618a4e","name":"cbmn","url":"https:\/\/hemley.de\/de\/author\/cbmn\/"}]}},"_links":{"self":[{"href":"https:\/\/hemley.de\/de\/wp-json\/wp\/v2\/posts\/8807","targetHints":{"allow":["GET"]}}],"collection":[{"href":"https:\/\/hemley.de\/de\/wp-json\/wp\/v2\/posts"}],"about":[{"href":"https:\/\/hemley.de\/de\/wp-json\/wp\/v2\/types\/post"}],"author":[{"embeddable":true,"href":"https:\/\/hemley.de\/de\/wp-json\/wp\/v2\/users\/11"}],"replies":[{"embeddable":true,"href":"https:\/\/hemley.de\/de\/wp-json\/wp\/v2\/comments?post=8807"}],"version-history":[{"count":2,"href":"https:\/\/hemley.de\/de\/wp-json\/wp\/v2\/posts\/8807\/revisions"}],"predecessor-version":[{"id":16037,"href":"https:\/\/hemley.de\/de\/wp-json\/wp\/v2\/posts\/8807\/revisions\/16037"}],"wp:featuredmedia":[{"embeddable":true,"href":"https:\/\/hemley.de\/de\/wp-json\/wp\/v2\/media\/15660"}],"wp:attachment":[{"href":"https:\/\/hemley.de\/de\/wp-json\/wp\/v2\/media?parent=8807"}],"wp:term":[{"taxonomy":"category","embeddable":true,"href":"https:\/\/hemley.de\/de\/wp-json\/wp\/v2\/categories?post=8807"},{"taxonomy":"post_tag","embeddable":true,"href":"https:\/\/hemley.de\/de\/wp-json\/wp\/v2\/tags?post=8807"}],"curies":[{"name":"wp","href":"https:\/\/api.w.org\/{rel}","templated":true}]}}